{"id":4318,"date":"2022-01-21T07:15:14","date_gmt":"2022-01-21T07:15:14","guid":{"rendered":"http:\/\/zsrodowo.pl\/?p=4318"},"modified":"2022-01-21T10:12:40","modified_gmt":"2022-01-21T10:12:40","slug":"dzien-babci-i-dziadka-9","status":"publish","type":"post","link":"http:\/\/zsrodowo.pl\/?p=4318","title":{"rendered":"Dzie\u0144 Babci i Dziadka."},"content":{"rendered":"<p><img loading=\"lazy\" decoding=\"async\" class=\"alignleft\" style=\"margin: 5px;\" src=\"http:\/\/zsrodowo.pl\/dokumenty\/grafika\/\/lisc.png\" alt=\"\" width=\"100\" height=\"100\" \/><strong>\u201ePan B\u00f3g nie m\u00f3g\u0142 by\u0107 wsz\u0119dzie,<\/strong><br \/>\n<strong>wi\u0119c stworzy\u0142 Babci\u0119 i Dziadka\u201d<\/strong><\/p>\n<p>Dzie\u0144 Babci i Dziadka to \u015bwi\u0119to o kt\u00f3rym nigdy nie zapominamy. Tak by\u0142o i w tym roku. Chocia\u017c ze wzgl\u0119du na pandemi\u0119 nie mogli\u015bmy Szanownych Bab\u0107 i Dziadk\u00f3w zaprosi\u0107 do szko\u0142y, to przedszkolaki z grupy m\u0142odszej i uczniowie z klasy trzeciej z pomoc\u0105 swoich pa\u0144 przygotowa\u0142y wyst\u0119p artystyczny: przedstawienie jase\u0142kowe oraz piosenk\u0119. Wszystko to zosta\u0142o nagrane. Mamy nadziej\u0119, \u017ce chocia\u017c w cz\u0119\u015bci wnucz\u0119ta sprawi\u0142y swoimi wyst\u0119pami rado\u015b\u0107 najbli\u017cszym.<!--more--><\/p>\n<p style=\"text-align: justify;\">Wszystkim Kochanym Babciom i Dziadkom \u017cyczymy du\u017co zdrowia, rado\u015bci, pogody ducha i mi\u0142o\u015bci!<\/p>\n<p><iframe loading=\"lazy\" width=\"560\" height=\"315\" src=\"https:\/\/www.youtube.com\/embed\/LhL6e1PWB2A\" title=\"YouTube video player\" frameborder=\"0\" allow=\"accelerometer; autoplay; clipboard-write; encrypted-media; gyroscope; picture-in-picture\" allowfullscreen><\/iframe><\/p>\n<p><iframe loading=\"lazy\" width=\"560\" height=\"315\" src=\"https:\/\/www.youtube.com\/embed\/iJdI0YL_UE0\" title=\"YouTube video player\" frameborder=\"0\" allow=\"accelerometer; autoplay; clipboard-write; encrypted-media; gyroscope; picture-in-picture\" allowfullscreen><\/iframe><\/p>\n<p><iframe loading=\"lazy\" title=\"YouTube video player\" src=\"https:\/\/www.youtube.com\/embed\/7rLKAH_MP-E\" width=\"560\" height=\"315\" frameborder=\"0\" allowfullscreen=\"allowfullscreen\"><\/iframe><\/p>\n<p><iframe loading=\"lazy\" title=\"YouTube video player\" src=\"https:\/\/www.youtube.com\/embed\/WmXudLnkXXg\" width=\"560\" height=\"315\" frameborder=\"0\" allowfullscreen=\"allowfullscreen\"><\/iframe><\/p>\n","protected":false},"excerpt":{"rendered":"<p>\u201ePan B\u00f3g nie m\u00f3g\u0142 by\u0107 wsz\u0119dzie, wi\u0119c stworzy\u0142 Babci\u0119 i Dziadka\u201d Dzie\u0144 Babci i Dziadka to \u015bwi\u0119to o kt\u00f3rym nigdy nie zapominamy. Tak by\u0142o i w tym roku. Chocia\u017c ze wzgl\u0119du na pandemi\u0119 nie mogli\u015bmy Szanownych Bab\u0107 i Dziadk\u00f3w zaprosi\u0107 &hellip; <a href=\"http:\/\/zsrodowo.pl\/?p=4318\">Czytaj dalej <span class=\"meta-nav\">&rarr;<\/span><\/a><\/p>\n","protected":false},"author":3,"featured_media":0,"comment_status":"closed","ping_status":"closed","sticky":false,"template":"","format":"standard","meta":{"footnotes":""},"categories":[1],"tags":[],"class_list":["post-4318","post","type-post","status-publish","format-standard","hentry","category-aktualnosci"],"_links":{"self":[{"href":"http:\/\/zsrodowo.pl\/index.php?rest_route=\/wp\/v2\/posts\/4318","targetHints":{"allow":["GET"]}}],"collection":[{"href":"http:\/\/zsrodowo.pl\/index.php?rest_route=\/wp\/v2\/posts"}],"about":[{"href":"http:\/\/zsrodowo.pl\/index.php?rest_route=\/wp\/v2\/types\/post"}],"author":[{"embeddable":true,"href":"http:\/\/zsrodowo.pl\/index.php?rest_route=\/wp\/v2\/users\/3"}],"replies":[{"embeddable":true,"href":"http:\/\/zsrodowo.pl\/index.php?rest_route=%2Fwp%2Fv2%2Fcomments&post=4318"}],"version-history":[{"count":4,"href":"http:\/\/zsrodowo.pl\/index.php?rest_route=\/wp\/v2\/posts\/4318\/revisions"}],"predecessor-version":[{"id":4326,"href":"http:\/\/zsrodowo.pl\/index.php?rest_route=\/wp\/v2\/posts\/4318\/revisions\/4326"}],"wp:attachment":[{"href":"http:\/\/zsrodowo.pl\/index.php?rest_route=%2Fwp%2Fv2%2Fmedia&parent=4318"}],"wp:term":[{"taxonomy":"category","embeddable":true,"href":"http:\/\/zsrodowo.pl\/index.php?rest_route=%2Fwp%2Fv2%2Fcategories&post=4318"},{"taxonomy":"post_tag","embeddable":true,"href":"http:\/\/zsrodowo.pl\/index.php?rest_route=%2Fwp%2Fv2%2Ftags&post=4318"}],"curies":[{"name":"wp","href":"https:\/\/api.w.org\/{rel}","templated":true}]}}