{"id":4345,"date":"2022-01-31T06:46:40","date_gmt":"2022-01-31T06:46:40","guid":{"rendered":"http:\/\/zsrodowo.pl\/?p=4345"},"modified":"2022-01-31T06:46:40","modified_gmt":"2022-01-31T06:46:40","slug":"bal-karnawalowy-6","status":"publish","type":"post","link":"http:\/\/zsrodowo.pl\/?p=4345","title":{"rendered":"Bal karnawa\u0142owy."},"content":{"rendered":"<p style=\"text-align: justify;\"><img loading=\"lazy\" decoding=\"async\" class=\"alignleft\" style=\"margin: 5px;\" src=\"http:\/\/zsrodowo.pl\/dokumenty\/grafika\/\/lisc.png\" alt=\"\" width=\"100\" height=\"100\" \/><\/p>\n<p><strong>Od Trzech Kr\u00f3li po ostatki,<\/strong><br \/>\n<strong>wsz\u0119dzie bale i prywatki.<\/strong><br \/>\n<strong>Pi\u0119kne stroje, fajne maski,<\/strong><br \/>\n<strong>\u015bpiewy, ta\u0144ce i oklaski!<\/strong><\/p>\n<p style=\"text-align: justify;\">Przedszkolaki z grupy m\u0142odszej ju\u017c od poniedzia\u0142ku, 24 stycznia, rozmawia\u0142y o swoich przygotowaniach do balu. Dzieli\u0142y si\u0119 pomys\u0142ami na przebranie i przygotowywa\u0142y dekoracje do sali na bal.<!--more--><\/p>\n<p style=\"text-align: justify;\">A w czwartek&#8230;<\/p>\n<p style=\"text-align: justify;\">Nasz oddzia\u0142 przedszkolny odwiedzi\u0142o wiele bajkowych postaci!<\/p>\n<p style=\"text-align: justify;\">To z okazji balu karnawa\u0142owego dzieci mog\u0142y si\u0119 przebra\u0107 za dowoln\u0105 posta\u0107. Przyby\u0142y do nas kr\u00f3lewny i czarownice, wr\u00f3\u017cki, jednoro\u017cce, piraci, rycerze, str\u00f3\u017ce prawa, spiderman, kotek, pszcz\u00f3\u0142ka, myszka miki a nawet Pippi! Dzieci \u015bwietnie si\u0119 bawi\u0142y, bra\u0142y udzia\u0142 w konkursach, wsp\u00f3lnych zabawach i ta\u0144cach. Jak to na prawdziwym balu, na zm\u0119czone ta\u0144cami przedszkolaki czeka\u0142 pocz\u0119stunek przygotowany dzi\u0119ki pomocy rodzicom.<\/p>\n\r\n<div class=\"ngg-galleryoverview\" id=\"ngg-gallery-617-4345\">\r\n\r\n\r\n\t\r\n\t<!-- Thumbnails -->\r\n\t\t\r\n\t<div id=\"ngg-image-10591\" class=\"ngg-gallery-thumbnail-box\"  >\r\n\t\t<div class=\"ngg-gallery-thumbnail\" >\r\n\t\t\t<a href=\"http:\/\/zsrodowo.pl\/wp-content\/gallery\/bal_karnawalowy_przedszkole_22\/1.jpg\" title=\" \" class=\"shutterset_set_617\" >\r\n\t\t\t\t\t\t\t\t<img loading=\"lazy\" decoding=\"async\" title=\"1\" alt=\"1\" src=\"http:\/\/zsrodowo.pl\/wp-content\/gallery\/bal_karnawalowy_przedszkole_22\/thumbs\/thumbs_1.jpg\" width=\"100\" height=\"75\" \/>\r\n\t\t\t\t\t\t\t<\/a>\r\n\t\t<\/div>\r\n\t<\/div>\r\n\t\r\n\t\t\r\n \t\t\r\n\t<div id=\"ngg-image-10592\" class=\"ngg-gallery-thumbnail-box\"  >\r\n\t\t<div class=\"ngg-gallery-thumbnail\" >\r\n\t\t\t<a href=\"http:\/\/zsrodowo.pl\/wp-content\/gallery\/bal_karnawalowy_przedszkole_22\/2.jpg\" title=\" \" class=\"shutterset_set_617\" >\r\n\t\t\t\t\t\t\t\t<img loading=\"lazy\" decoding=\"async\" title=\"2\" alt=\"2\" src=\"http:\/\/zsrodowo.pl\/wp-content\/gallery\/bal_karnawalowy_przedszkole_22\/thumbs\/thumbs_2.jpg\" width=\"100\" height=\"75\" \/>\r\n\t\t\t\t\t\t\t<\/a>\r\n\t\t<\/div>\r\n\t<\/div>\r\n\t\r\n\t\t\r\n \t\t\r\n\t<div id=\"ngg-image-10593\" class=\"ngg-gallery-thumbnail-box\"  >\r\n\t\t<div class=\"ngg-gallery-thumbnail\" >\r\n\t\t\t<a href=\"http:\/\/zsrodowo.pl\/wp-content\/gallery\/bal_karnawalowy_przedszkole_22\/3.jpg\" title=\" \" class=\"shutterset_set_617\" >\r\n\t\t\t\t\t\t\t\t<img loading=\"lazy\" decoding=\"async\" title=\"3\" alt=\"3\" src=\"http:\/\/zsrodowo.pl\/wp-content\/gallery\/bal_karnawalowy_przedszkole_22\/thumbs\/thumbs_3.jpg\" width=\"100\" height=\"75\" \/>\r\n\t\t\t\t\t\t\t<\/a>\r\n\t\t<\/div>\r\n\t<\/div>\r\n\t\r\n\t\t\r\n \t\t\r\n\t<div id=\"ngg-image-10594\" class=\"ngg-gallery-thumbnail-box\"  >\r\n\t\t<div class=\"ngg-gallery-thumbnail\" >\r\n\t\t\t<a href=\"http:\/\/zsrodowo.pl\/wp-content\/gallery\/bal_karnawalowy_przedszkole_22\/4.jpg\" title=\" \" class=\"shutterset_set_617\" >\r\n\t\t\t\t\t\t\t\t<img loading=\"lazy\" decoding=\"async\" title=\"4\" alt=\"4\" src=\"http:\/\/zsrodowo.pl\/wp-content\/gallery\/bal_karnawalowy_przedszkole_22\/thumbs\/thumbs_4.jpg\" width=\"100\" height=\"75\" \/>\r\n\t\t\t\t\t\t\t<\/a>\r\n\t\t<\/div>\r\n\t<\/div>\r\n\t\r\n\t\t\r\n \t\t\r\n\t<div id=\"ngg-image-10595\" class=\"ngg-gallery-thumbnail-box\"  >\r\n\t\t<div class=\"ngg-gallery-thumbnail\" >\r\n\t\t\t<a href=\"http:\/\/zsrodowo.pl\/wp-content\/gallery\/bal_karnawalowy_przedszkole_22\/5.jpg\" title=\" \" class=\"shutterset_set_617\" >\r\n\t\t\t\t\t\t\t\t<img loading=\"lazy\" decoding=\"async\" title=\"5\" alt=\"5\" src=\"http:\/\/zsrodowo.pl\/wp-content\/gallery\/bal_karnawalowy_przedszkole_22\/thumbs\/thumbs_5.jpg\" width=\"100\" height=\"75\" \/>\r\n\t\t\t\t\t\t\t<\/a>\r\n\t\t<\/div>\r\n\t<\/div>\r\n\t\r\n\t\t\r\n \t\t\r\n\t<div id=\"ngg-image-10596\" class=\"ngg-gallery-thumbnail-box\"  >\r\n\t\t<div class=\"ngg-gallery-thumbnail\" >\r\n\t\t\t<a href=\"http:\/\/zsrodowo.pl\/wp-content\/gallery\/bal_karnawalowy_przedszkole_22\/6.jpg\" title=\" \" class=\"shutterset_set_617\" >\r\n\t\t\t\t\t\t\t\t<img loading=\"lazy\" decoding=\"async\" title=\"6\" alt=\"6\" src=\"http:\/\/zsrodowo.pl\/wp-content\/gallery\/bal_karnawalowy_przedszkole_22\/thumbs\/thumbs_6.jpg\" width=\"100\" height=\"75\" \/>\r\n\t\t\t\t\t\t\t<\/a>\r\n\t\t<\/div>\r\n\t<\/div>\r\n\t\r\n\t\t\r\n \t\t\r\n\t<div id=\"ngg-image-10597\" class=\"ngg-gallery-thumbnail-box\"  >\r\n\t\t<div class=\"ngg-gallery-thumbnail\" >\r\n\t\t\t<a href=\"http:\/\/zsrodowo.pl\/wp-content\/gallery\/bal_karnawalowy_przedszkole_22\/7.jpg\" title=\" \" class=\"shutterset_set_617\" >\r\n\t\t\t\t\t\t\t\t<img loading=\"lazy\" decoding=\"async\" title=\"7\" alt=\"7\" src=\"http:\/\/zsrodowo.pl\/wp-content\/gallery\/bal_karnawalowy_przedszkole_22\/thumbs\/thumbs_7.jpg\" width=\"100\" height=\"75\" \/>\r\n\t\t\t\t\t\t\t<\/a>\r\n\t\t<\/div>\r\n\t<\/div>\r\n\t\r\n\t\t\r\n \t\t\r\n\t<div id=\"ngg-image-10598\" class=\"ngg-gallery-thumbnail-box\"  >\r\n\t\t<div class=\"ngg-gallery-thumbnail\" >\r\n\t\t\t<a href=\"http:\/\/zsrodowo.pl\/wp-content\/gallery\/bal_karnawalowy_przedszkole_22\/8.jpg\" title=\" \" class=\"shutterset_set_617\" >\r\n\t\t\t\t\t\t\t\t<img loading=\"lazy\" decoding=\"async\" title=\"8\" alt=\"8\" src=\"http:\/\/zsrodowo.pl\/wp-content\/gallery\/bal_karnawalowy_przedszkole_22\/thumbs\/thumbs_8.jpg\" width=\"100\" height=\"75\" \/>\r\n\t\t\t\t\t\t\t<\/a>\r\n\t\t<\/div>\r\n\t<\/div>\r\n\t\r\n\t\t\r\n \t\t\r\n\t<div id=\"ngg-image-10599\" class=\"ngg-gallery-thumbnail-box\"  >\r\n\t\t<div class=\"ngg-gallery-thumbnail\" >\r\n\t\t\t<a href=\"http:\/\/zsrodowo.pl\/wp-content\/gallery\/bal_karnawalowy_przedszkole_22\/9.jpg\" title=\" \" class=\"shutterset_set_617\" >\r\n\t\t\t\t\t\t\t\t<img loading=\"lazy\" decoding=\"async\" title=\"9\" alt=\"9\" src=\"http:\/\/zsrodowo.pl\/wp-content\/gallery\/bal_karnawalowy_przedszkole_22\/thumbs\/thumbs_9.jpg\" width=\"100\" height=\"75\" \/>\r\n\t\t\t\t\t\t\t<\/a>\r\n\t\t<\/div>\r\n\t<\/div>\r\n\t\r\n\t\t\r\n \t\t\r\n\t<div id=\"ngg-image-10600\" class=\"ngg-gallery-thumbnail-box\"  >\r\n\t\t<div class=\"ngg-gallery-thumbnail\" >\r\n\t\t\t<a href=\"http:\/\/zsrodowo.pl\/wp-content\/gallery\/bal_karnawalowy_przedszkole_22\/10.jpg\" title=\" \" class=\"shutterset_set_617\" >\r\n\t\t\t\t\t\t\t\t<img loading=\"lazy\" decoding=\"async\" title=\"10\" alt=\"10\" src=\"http:\/\/zsrodowo.pl\/wp-content\/gallery\/bal_karnawalowy_przedszkole_22\/thumbs\/thumbs_10.jpg\" width=\"100\" height=\"75\" \/>\r\n\t\t\t\t\t\t\t<\/a>\r\n\t\t<\/div>\r\n\t<\/div>\r\n\t\r\n\t\t\r\n \t\t\r\n\t<div id=\"ngg-image-10601\" class=\"ngg-gallery-thumbnail-box\"  >\r\n\t\t<div class=\"ngg-gallery-thumbnail\" >\r\n\t\t\t<a href=\"http:\/\/zsrodowo.pl\/wp-content\/gallery\/bal_karnawalowy_przedszkole_22\/11.jpg\" title=\" \" class=\"shutterset_set_617\" >\r\n\t\t\t\t\t\t\t\t<img loading=\"lazy\" decoding=\"async\" title=\"11\" alt=\"11\" src=\"http:\/\/zsrodowo.pl\/wp-content\/gallery\/bal_karnawalowy_przedszkole_22\/thumbs\/thumbs_11.jpg\" width=\"100\" height=\"75\" \/>\r\n\t\t\t\t\t\t\t<\/a>\r\n\t\t<\/div>\r\n\t<\/div>\r\n\t\r\n\t\t\r\n \t\t\r\n\t<div id=\"ngg-image-10602\" class=\"ngg-gallery-thumbnail-box\"  >\r\n\t\t<div class=\"ngg-gallery-thumbnail\" >\r\n\t\t\t<a href=\"http:\/\/zsrodowo.pl\/wp-content\/gallery\/bal_karnawalowy_przedszkole_22\/12.jpg\" title=\" \" class=\"shutterset_set_617\" >\r\n\t\t\t\t\t\t\t\t<img loading=\"lazy\" decoding=\"async\" title=\"12\" alt=\"12\" src=\"http:\/\/zsrodowo.pl\/wp-content\/gallery\/bal_karnawalowy_przedszkole_22\/thumbs\/thumbs_12.jpg\" width=\"100\" height=\"75\" \/>\r\n\t\t\t\t\t\t\t<\/a>\r\n\t\t<\/div>\r\n\t<\/div>\r\n\t\r\n\t\t\r\n \t\t\r\n\t<div id=\"ngg-image-10603\" class=\"ngg-gallery-thumbnail-box\"  >\r\n\t\t<div class=\"ngg-gallery-thumbnail\" >\r\n\t\t\t<a href=\"http:\/\/zsrodowo.pl\/wp-content\/gallery\/bal_karnawalowy_przedszkole_22\/13.jpg\" title=\" \" class=\"shutterset_set_617\" >\r\n\t\t\t\t\t\t\t\t<img loading=\"lazy\" decoding=\"async\" title=\"13\" alt=\"13\" src=\"http:\/\/zsrodowo.pl\/wp-content\/gallery\/bal_karnawalowy_przedszkole_22\/thumbs\/thumbs_13.jpg\" width=\"100\" height=\"75\" \/>\r\n\t\t\t\t\t\t\t<\/a>\r\n\t\t<\/div>\r\n\t<\/div>\r\n\t\r\n\t\t\r\n \t\t\r\n\t<div id=\"ngg-image-10604\" class=\"ngg-gallery-thumbnail-box\"  >\r\n\t\t<div class=\"ngg-gallery-thumbnail\" >\r\n\t\t\t<a href=\"http:\/\/zsrodowo.pl\/wp-content\/gallery\/bal_karnawalowy_przedszkole_22\/14.jpg\" title=\" \" class=\"shutterset_set_617\" >\r\n\t\t\t\t\t\t\t\t<img loading=\"lazy\" decoding=\"async\" title=\"14\" alt=\"14\" src=\"http:\/\/zsrodowo.pl\/wp-content\/gallery\/bal_karnawalowy_przedszkole_22\/thumbs\/thumbs_14.jpg\" width=\"100\" height=\"75\" \/>\r\n\t\t\t\t\t\t\t<\/a>\r\n\t\t<\/div>\r\n\t<\/div>\r\n\t\r\n\t\t\r\n \t\t\r\n\t<div id=\"ngg-image-10605\" class=\"ngg-gallery-thumbnail-box\"  >\r\n\t\t<div class=\"ngg-gallery-thumbnail\" >\r\n\t\t\t<a href=\"http:\/\/zsrodowo.pl\/wp-content\/gallery\/bal_karnawalowy_przedszkole_22\/15.jpg\" title=\" \" class=\"shutterset_set_617\" >\r\n\t\t\t\t\t\t\t\t<img loading=\"lazy\" decoding=\"async\" title=\"15\" alt=\"15\" src=\"http:\/\/zsrodowo.pl\/wp-content\/gallery\/bal_karnawalowy_przedszkole_22\/thumbs\/thumbs_15.jpg\" width=\"100\" height=\"75\" \/>\r\n\t\t\t\t\t\t\t<\/a>\r\n\t\t<\/div>\r\n\t<\/div>\r\n\t\r\n\t\t\r\n \t\t\r\n\t<div id=\"ngg-image-10606\" class=\"ngg-gallery-thumbnail-box\"  >\r\n\t\t<div class=\"ngg-gallery-thumbnail\" >\r\n\t\t\t<a href=\"http:\/\/zsrodowo.pl\/wp-content\/gallery\/bal_karnawalowy_przedszkole_22\/16.jpg\" title=\" \" class=\"shutterset_set_617\" >\r\n\t\t\t\t\t\t\t\t<img loading=\"lazy\" decoding=\"async\" title=\"16\" alt=\"16\" src=\"http:\/\/zsrodowo.pl\/wp-content\/gallery\/bal_karnawalowy_przedszkole_22\/thumbs\/thumbs_16.jpg\" width=\"100\" height=\"75\" \/>\r\n\t\t\t\t\t\t\t<\/a>\r\n\t\t<\/div>\r\n\t<\/div>\r\n\t\r\n\t\t\r\n \t\t\r\n\t<div id=\"ngg-image-10607\" class=\"ngg-gallery-thumbnail-box\"  >\r\n\t\t<div class=\"ngg-gallery-thumbnail\" >\r\n\t\t\t<a href=\"http:\/\/zsrodowo.pl\/wp-content\/gallery\/bal_karnawalowy_przedszkole_22\/17.jpg\" title=\" \" class=\"shutterset_set_617\" >\r\n\t\t\t\t\t\t\t\t<img loading=\"lazy\" decoding=\"async\" title=\"17\" alt=\"17\" src=\"http:\/\/zsrodowo.pl\/wp-content\/gallery\/bal_karnawalowy_przedszkole_22\/thumbs\/thumbs_17.jpg\" width=\"100\" height=\"75\" \/>\r\n\t\t\t\t\t\t\t<\/a>\r\n\t\t<\/div>\r\n\t<\/div>\r\n\t\r\n\t\t\r\n \t\t\r\n\t<div id=\"ngg-image-10608\" class=\"ngg-gallery-thumbnail-box\"  >\r\n\t\t<div class=\"ngg-gallery-thumbnail\" >\r\n\t\t\t<a href=\"http:\/\/zsrodowo.pl\/wp-content\/gallery\/bal_karnawalowy_przedszkole_22\/18.jpg\" title=\" \" class=\"shutterset_set_617\" >\r\n\t\t\t\t\t\t\t\t<img loading=\"lazy\" decoding=\"async\" title=\"18\" alt=\"18\" src=\"http:\/\/zsrodowo.pl\/wp-content\/gallery\/bal_karnawalowy_przedszkole_22\/thumbs\/thumbs_18.jpg\" width=\"100\" height=\"75\" \/>\r\n\t\t\t\t\t\t\t<\/a>\r\n\t\t<\/div>\r\n\t<\/div>\r\n\t\r\n\t\t\r\n \t\t\r\n\t<div id=\"ngg-image-10609\" class=\"ngg-gallery-thumbnail-box\"  >\r\n\t\t<div class=\"ngg-gallery-thumbnail\" >\r\n\t\t\t<a href=\"http:\/\/zsrodowo.pl\/wp-content\/gallery\/bal_karnawalowy_przedszkole_22\/19.jpg\" title=\" \" class=\"shutterset_set_617\" >\r\n\t\t\t\t\t\t\t\t<img loading=\"lazy\" decoding=\"async\" title=\"19\" alt=\"19\" src=\"http:\/\/zsrodowo.pl\/wp-content\/gallery\/bal_karnawalowy_przedszkole_22\/thumbs\/thumbs_19.jpg\" width=\"100\" height=\"75\" \/>\r\n\t\t\t\t\t\t\t<\/a>\r\n\t\t<\/div>\r\n\t<\/div>\r\n\t\r\n\t\t\r\n \t\t\r\n\t<div id=\"ngg-image-10610\" class=\"ngg-gallery-thumbnail-box\"  >\r\n\t\t<div class=\"ngg-gallery-thumbnail\" >\r\n\t\t\t<a href=\"http:\/\/zsrodowo.pl\/wp-content\/gallery\/bal_karnawalowy_przedszkole_22\/20.jpg\" title=\" \" class=\"shutterset_set_617\" >\r\n\t\t\t\t\t\t\t\t<img loading=\"lazy\" decoding=\"async\" title=\"20\" alt=\"20\" src=\"http:\/\/zsrodowo.pl\/wp-content\/gallery\/bal_karnawalowy_przedszkole_22\/thumbs\/thumbs_20.jpg\" width=\"100\" height=\"75\" \/>\r\n\t\t\t\t\t\t\t<\/a>\r\n\t\t<\/div>\r\n\t<\/div>\r\n\t\r\n\t\t\r\n \t \t\r\n\t<!-- Pagination -->\r\n \t<div class=\"ngg-clear\"><\/div> \t\r\n<\/div>\r\n\r\n\n","protected":false},"excerpt":{"rendered":"<p>Od Trzech Kr\u00f3li po ostatki, wsz\u0119dzie bale i prywatki. Pi\u0119kne stroje, fajne maski, \u015bpiewy, ta\u0144ce i oklaski! Przedszkolaki z grupy m\u0142odszej ju\u017c od poniedzia\u0142ku, 24 stycznia, rozmawia\u0142y o swoich przygotowaniach do balu. Dzieli\u0142y si\u0119 pomys\u0142ami na przebranie i przygotowywa\u0142y dekoracje &hellip; <a href=\"http:\/\/zsrodowo.pl\/?p=4345\">Czytaj dalej <span class=\"meta-nav\">&rarr;<\/span><\/a><\/p>\n","protected":false},"author":3,"featured_media":0,"comment_status":"closed","ping_status":"closed","sticky":false,"template":"","format":"standard","meta":{"footnotes":""},"categories":[1],"tags":[],"class_list":["post-4345","post","type-post","status-publish","format-standard","hentry","category-aktualnosci"],"_links":{"self":[{"href":"http:\/\/zsrodowo.pl\/index.php?rest_route=\/wp\/v2\/posts\/4345","targetHints":{"allow":["GET"]}}],"collection":[{"href":"http:\/\/zsrodowo.pl\/index.php?rest_route=\/wp\/v2\/posts"}],"about":[{"href":"http:\/\/zsrodowo.pl\/index.php?rest_route=\/wp\/v2\/types\/post"}],"author":[{"embeddable":true,"href":"http:\/\/zsrodowo.pl\/index.php?rest_route=\/wp\/v2\/users\/3"}],"replies":[{"embeddable":true,"href":"http:\/\/zsrodowo.pl\/index.php?rest_route=%2Fwp%2Fv2%2Fcomments&post=4345"}],"version-history":[{"count":2,"href":"http:\/\/zsrodowo.pl\/index.php?rest_route=\/wp\/v2\/posts\/4345\/revisions"}],"predecessor-version":[{"id":4352,"href":"http:\/\/zsrodowo.pl\/index.php?rest_route=\/wp\/v2\/posts\/4345\/revisions\/4352"}],"wp:attachment":[{"href":"http:\/\/zsrodowo.pl\/index.php?rest_route=%2Fwp%2Fv2%2Fmedia&parent=4345"}],"wp:term":[{"taxonomy":"category","embeddable":true,"href":"http:\/\/zsrodowo.pl\/index.php?rest_route=%2Fwp%2Fv2%2Fcategories&post=4345"},{"taxonomy":"post_tag","embeddable":true,"href":"http:\/\/zsrodowo.pl\/index.php?rest_route=%2Fwp%2Fv2%2Ftags&post=4345"}],"curies":[{"name":"wp","href":"https:\/\/api.w.org\/{rel}","templated":true}]}}