{"id":5219,"date":"2025-01-16T14:25:43","date_gmt":"2025-01-16T14:25:43","guid":{"rendered":"http:\/\/zsrodowo.pl\/?p=5219"},"modified":"2025-01-16T14:25:43","modified_gmt":"2025-01-16T14:25:43","slug":"dzien-dawcy-szpiku-dla-jakuba-i-innych-pacjentow","status":"publish","type":"post","link":"http:\/\/zsrodowo.pl\/?p=5219","title":{"rendered":"Dzie\u0144 Dawcy Szpiku dla Jakuba i innych pacjent\u00f3w."},"content":{"rendered":"<p><img loading=\"lazy\" decoding=\"async\" class=\"alignleft\" style=\"margin: 5px;\" src=\"http:\/\/zsrodowo.pl\/dokumenty\/grafika\/\/lisc.png\" alt=\"\" width=\"100\" height=\"100\" \/>Drodzy Rodzice,<\/p>\n<p>Nasza plac\u00f3wka w\u0142\u0105czy\u0142a si\u0119 w akcj\u0119 <strong>\u201eDzie\u0144 Dawcy Szpiku dla Jakuba i Innych Pacjent\u00f3w!\u201d <\/strong>kt\u00f3ra dedykowana jest Jakubowi z naszego powiatu.<\/p>\n<p><em>\u00a0<\/em><em>Jakub ma 23 lat i pochodzi z Prabut. Jeszcze niedawno studiowa\u0142 na politechnice, chodzi\u0142 na si\u0142ownie i marzy\u0142 o wsp\u00f3lnych wakacjach z najbli\u017csz\u0105 mu osob\u0105. Potem przysz\u0142a diagnoza: ostra bia\u0142aczka szpikowa. Nagle ca\u0142e jego \u017cycie zatrzyma\u0142o si\u0119. Jego jedyna szansa na wyzdrowienie to przeszczepienie szpiku. Potrzebuje dawcy. <\/em><!--more--><\/p>\n<p><em>Mo\u017ce to w\u0142a\u015bnie Ty mo\u017cesz pom\u00f3c? To tylko jeden prosty krok dla Ciebie, a dla Jakuba i innych Pacjent\u00f3w \u2013 szansa na nowe \u017bYCIE. Jakub marzy o tym aby szpital przesta\u0142 by\u0107 jego szar\u0105 rzeczywisto\u015bci\u0105. Chcia\u0142by zn\u00f3w cieszy\u0107 si\u0119 \u017cyciem!<\/em><\/p>\n<p>Wsp\u00f3lnymi si\u0142ami, dzia\u0142aniem i ch\u0119ci\u0105 pomocy, mo\u017cemy da\u0107 Jakubowi i innym Pacjentom szans\u0119 na powr\u00f3t do zdrowia i do swoich rodzin.<\/p>\n<p>Ka\u017cda pe\u0142noletnia osoba, kt\u00f3ra chcia\u0142aby zarejestrowa\u0107 si\u0119 jako potencjalny Dawca szpiku mo\u017ce to zrobi\u0107 w bardzo \u0142atwy, szybki i bezp\u0142atny spos\u00f3b. Wystarczy odwiedzi\u0107 jeden z punkt\u00f3w rejestracji Dawc\u00f3w:<\/p>\n<p><strong><u>25.01.2025 r.<\/u><\/strong><br \/>\n<strong>10:00-20:00 <\/strong>\u2013 C. H. Liwa, Konopnickiej 19, Kwidzyn<\/p>\n<p><strong><u>26.01.2025 r.<\/u><\/strong><br \/>\n<strong>14:00-19:00 <\/strong>\u2013 WO\u015aP Prabuty, Obro\u0144c\u00f3w Westerplatte 11b, Prabuty<br \/>\n<strong>10:00-20:00 <\/strong>\u2013 WO\u015aP Kwidzyn, Pi\u0142sudskiego 6a, Kwidzyn<\/p>\n<p><strong><u>28-31.01.2025 r.<\/u><\/strong><br \/>\n<strong>08:00-14:00 <\/strong>\u2013 Starostwo Powiatowe w Kwidzynie, Ko\u015bciuszki 29b, Kwidzyn<\/p>\n<p><strong><u>02.02.2025 r.<\/u><\/strong><br \/>\n<strong>09:00-14:00 <\/strong>\u2013 \u015awietlica Wiejska w Rakowcu, Robotnicza 16, Rakowiec<\/p>\n<p>na miejscu odpowiedzie\u0107 na kilka pyta\u0144, wype\u0142ni\u0107 formularz danych kontaktowych oraz pobra\u0107 wymazy z wewn\u0119trznej strony policzka na trzy pa\u0142eczki.<\/p>\n<p>Dodatkowo informacje na temat akcji znajduj\u0105 si\u0119 na stronie <a href=\"http:\/\/www.dkms.pl\/jakubgoraj\">www.dkms.pl\/jakubgoraj<\/a> na kt\u00f3rej jest r\u00f3wnie\u017c mo\u017cliwo\u015b\u0107 rejestracji internetowej.<\/p>\n<p>Misj\u0105 Fundacji DKMS jest znalezienie Dawcy dla ka\u017cdego Pacjenta na \u015bwiecie potrzebuj\u0105cego przeszczepienia kom\u00f3rek macierzystych. Fundacja dzia\u0142a w Polsce od 2008 roku jako O\u015brodek Dawc\u00f3w Szpiku w oparciu o decyzj\u0119 Ministra Zdrowia oraz niezale\u017cna organizacja po\u017cytku publicznego wpisana do KRS 0000318602. To najwi\u0119kszy O\u015brodek Dawc\u00f3w Szpiku w Polsce, w kt\u00f3rym zarejestrowa\u0142o si\u0119 ponad 1 900 000 os\u00f3b (czerwiec 2023), spo\u015br\u00f3d kt\u00f3rych ju\u017c ponad 12 000 os\u00f3b (czerwiec 2023) odda\u0142o swoje krwiotw\u00f3rcze kom\u00f3rki macierzyste lub szpik Pacjentom zar\u00f3wno w Polsce, jak i na \u015bwiecie, daj\u0105c im tym samym drug\u0105 szans\u0119 na \u017cycie.<\/p>\n<p>Zach\u0119camy do wsparcia akcji i rejestracji!<\/p>\n<p><a href=\"http:\/\/zsrodowo.pl\/wp-content\/uploads\/2025\/01\/plakat-powiat-kwidzynski.png\"><img loading=\"lazy\" decoding=\"async\" class=\"alignnone size-large wp-image-5220\" src=\"http:\/\/zsrodowo.pl\/wp-content\/uploads\/2025\/01\/plakat-powiat-kwidzynski-724x1024.png\" alt=\"\" width=\"640\" height=\"905\" srcset=\"http:\/\/zsrodowo.pl\/wp-content\/uploads\/2025\/01\/plakat-powiat-kwidzynski-724x1024.png 724w, http:\/\/zsrodowo.pl\/wp-content\/uploads\/2025\/01\/plakat-powiat-kwidzynski-212x300.png 212w, http:\/\/zsrodowo.pl\/wp-content\/uploads\/2025\/01\/plakat-powiat-kwidzynski-768x1086.png 768w, http:\/\/zsrodowo.pl\/wp-content\/uploads\/2025\/01\/plakat-powiat-kwidzynski-1086x1536.png 1086w, http:\/\/zsrodowo.pl\/wp-content\/uploads\/2025\/01\/plakat-powiat-kwidzynski-1449x2048.png 1449w, http:\/\/zsrodowo.pl\/wp-content\/uploads\/2025\/01\/plakat-powiat-kwidzynski.png 1977w\" sizes=\"auto, (max-width: 640px) 100vw, 640px\" \/><\/a><\/p>\n<a href=\"http:\/\/zsrodowo.pl\/wp-content\/uploads\/2025\/01\/Bajka-o-Krwinku-wersja-elektroniczna.pdf\" class=\"pdfemb-viewer\" style=\"\" data-width=\"max\" data-height=\"max\" data-toolbar=\"bottom\" data-toolbar-fixed=\"off\">Bajka o Krwinku - wersja elektroniczna<\/a>\n","protected":false},"excerpt":{"rendered":"<p>Drodzy Rodzice, Nasza plac\u00f3wka w\u0142\u0105czy\u0142a si\u0119 w akcj\u0119 \u201eDzie\u0144 Dawcy Szpiku dla Jakuba i Innych Pacjent\u00f3w!\u201d kt\u00f3ra dedykowana jest Jakubowi z naszego powiatu. \u00a0Jakub ma 23 lat i pochodzi z Prabut. Jeszcze niedawno studiowa\u0142 na politechnice, chodzi\u0142 na si\u0142ownie i &hellip; <a href=\"http:\/\/zsrodowo.pl\/?p=5219\">Czytaj dalej <span class=\"meta-nav\">&rarr;<\/span><\/a><\/p>\n","protected":false},"author":3,"featured_media":0,"comment_status":"closed","ping_status":"closed","sticky":false,"template":"","format":"standard","meta":{"footnotes":""},"categories":[1],"tags":[],"class_list":["post-5219","post","type-post","status-publish","format-standard","hentry","category-aktualnosci"],"_links":{"self":[{"href":"http:\/\/zsrodowo.pl\/index.php?rest_route=\/wp\/v2\/posts\/5219","targetHints":{"allow":["GET"]}}],"collection":[{"href":"http:\/\/zsrodowo.pl\/index.php?rest_route=\/wp\/v2\/posts"}],"about":[{"href":"http:\/\/zsrodowo.pl\/index.php?rest_route=\/wp\/v2\/types\/post"}],"author":[{"embeddable":true,"href":"http:\/\/zsrodowo.pl\/index.php?rest_route=\/wp\/v2\/users\/3"}],"replies":[{"embeddable":true,"href":"http:\/\/zsrodowo.pl\/index.php?rest_route=%2Fwp%2Fv2%2Fcomments&post=5219"}],"version-history":[{"count":4,"href":"http:\/\/zsrodowo.pl\/index.php?rest_route=\/wp\/v2\/posts\/5219\/revisions"}],"predecessor-version":[{"id":5226,"href":"http:\/\/zsrodowo.pl\/index.php?rest_route=\/wp\/v2\/posts\/5219\/revisions\/5226"}],"wp:attachment":[{"href":"http:\/\/zsrodowo.pl\/index.php?rest_route=%2Fwp%2Fv2%2Fmedia&parent=5219"}],"wp:term":[{"taxonomy":"category","embeddable":true,"href":"http:\/\/zsrodowo.pl\/index.php?rest_route=%2Fwp%2Fv2%2Fcategories&post=5219"},{"taxonomy":"post_tag","embeddable":true,"href":"http:\/\/zsrodowo.pl\/index.php?rest_route=%2Fwp%2Fv2%2Ftags&post=5219"}],"curies":[{"name":"wp","href":"https:\/\/api.w.org\/{rel}","templated":true}]}}