{"id":5364,"date":"2025-06-26T08:10:38","date_gmt":"2025-06-26T08:10:38","guid":{"rendered":"http:\/\/zsrodowo.pl\/?p=5364"},"modified":"2025-06-26T08:10:38","modified_gmt":"2025-06-26T08:10:38","slug":"ogladalismy-historyczny-lot-polaka-w-kosmos","status":"publish","type":"post","link":"http:\/\/zsrodowo.pl\/?p=5364","title":{"rendered":"Ogl\u0105dali\u015bmy historyczny lot Polaka w kosmos!"},"content":{"rendered":"<p><img loading=\"lazy\" decoding=\"async\" class=\"alignleft\" style=\"margin: 5px;\" src=\"http:\/\/zsrodowo.pl\/dokumenty\/grafika\/\/lisc.png\" alt=\"\" width=\"100\" height=\"100\" \/>W \u015brod\u0119 25 czerwca o godzinie 8.31 uczniowie naszej szko\u0142y mieli niecodzienn\u0105 okazj\u0119 ogl\u0105da\u0107 transmisj\u0119 z wylotu w kosmos, pierwszego Polaka w XXIw.-dr S\u0142awoszaUzna\u0144skiego- Wi\u015bniewskiego, kt\u00f3ry polecia\u0142 na Mi\u0119dzynarodow\u0105 Stacj\u0119 Kosmiczn\u0105!<!--more--><\/p>\n<p>To wyj\u0105tkowe wydarzenie wzbudzi\u0142o ogromne emocje i zainteresowanie w\u015br\u00f3d uczni\u00f3w.<\/p>\n<p>Z zapartym tchem \u015bledzili\u015bmy moment startu rakiety, poznawali\u015bmy kulisy misji oraz rol\u0119, jak\u0105 pe\u0142ni w niej polski astronauta. Dla wielu z nas by\u0142o to inspiruj\u0105ce do\u015bwiadczenie- pokazuj\u0105ce, \u017ce marzenia, nawet te si\u0119gaj\u0105ce gwiazd, s\u0105 w zasi\u0119gu r\u0119ki.<\/p>\n\r\n<div class=\"ngg-galleryoverview\" id=\"ngg-gallery-848-5364\">\r\n\r\n\r\n\t\r\n\t<!-- Thumbnails -->\r\n\t\t\r\n\t<div id=\"ngg-image-15893\" class=\"ngg-gallery-thumbnail-box\"  >\r\n\t\t<div class=\"ngg-gallery-thumbnail\" >\r\n\t\t\t<a href=\"http:\/\/zsrodowo.pl\/wp-content\/gallery\/polak_w_kosmosie_25\/1.jpg\" title=\" \" class=\"shutterset_set_848\" >\r\n\t\t\t\t\t\t\t\t<img loading=\"lazy\" decoding=\"async\" title=\"1\" alt=\"1\" src=\"http:\/\/zsrodowo.pl\/wp-content\/gallery\/polak_w_kosmosie_25\/thumbs\/thumbs_1.jpg\" width=\"100\" height=\"75\" \/>\r\n\t\t\t\t\t\t\t<\/a>\r\n\t\t<\/div>\r\n\t<\/div>\r\n\t\r\n\t\t\r\n \t\t\r\n\t<div id=\"ngg-image-15894\" class=\"ngg-gallery-thumbnail-box\"  >\r\n\t\t<div class=\"ngg-gallery-thumbnail\" >\r\n\t\t\t<a href=\"http:\/\/zsrodowo.pl\/wp-content\/gallery\/polak_w_kosmosie_25\/2.jpg\" title=\" \" class=\"shutterset_set_848\" >\r\n\t\t\t\t\t\t\t\t<img loading=\"lazy\" decoding=\"async\" title=\"2\" alt=\"2\" src=\"http:\/\/zsrodowo.pl\/wp-content\/gallery\/polak_w_kosmosie_25\/thumbs\/thumbs_2.jpg\" width=\"100\" height=\"75\" \/>\r\n\t\t\t\t\t\t\t<\/a>\r\n\t\t<\/div>\r\n\t<\/div>\r\n\t\r\n\t\t\r\n \t\t\r\n\t<div id=\"ngg-image-15895\" class=\"ngg-gallery-thumbnail-box\"  >\r\n\t\t<div class=\"ngg-gallery-thumbnail\" >\r\n\t\t\t<a href=\"http:\/\/zsrodowo.pl\/wp-content\/gallery\/polak_w_kosmosie_25\/3.jpg\" title=\" \" class=\"shutterset_set_848\" >\r\n\t\t\t\t\t\t\t\t<img loading=\"lazy\" decoding=\"async\" title=\"3\" alt=\"3\" src=\"http:\/\/zsrodowo.pl\/wp-content\/gallery\/polak_w_kosmosie_25\/thumbs\/thumbs_3.jpg\" width=\"100\" height=\"75\" \/>\r\n\t\t\t\t\t\t\t<\/a>\r\n\t\t<\/div>\r\n\t<\/div>\r\n\t\r\n\t\t\r\n \t\t\r\n\t<div id=\"ngg-image-15896\" class=\"ngg-gallery-thumbnail-box\"  >\r\n\t\t<div class=\"ngg-gallery-thumbnail\" >\r\n\t\t\t<a href=\"http:\/\/zsrodowo.pl\/wp-content\/gallery\/polak_w_kosmosie_25\/4.jpg\" title=\" \" class=\"shutterset_set_848\" >\r\n\t\t\t\t\t\t\t\t<img loading=\"lazy\" decoding=\"async\" title=\"4\" alt=\"4\" src=\"http:\/\/zsrodowo.pl\/wp-content\/gallery\/polak_w_kosmosie_25\/thumbs\/thumbs_4.jpg\" width=\"100\" height=\"75\" \/>\r\n\t\t\t\t\t\t\t<\/a>\r\n\t\t<\/div>\r\n\t<\/div>\r\n\t\r\n\t\t\r\n \t\t\r\n\t<div id=\"ngg-image-15897\" class=\"ngg-gallery-thumbnail-box\"  >\r\n\t\t<div class=\"ngg-gallery-thumbnail\" >\r\n\t\t\t<a href=\"http:\/\/zsrodowo.pl\/wp-content\/gallery\/polak_w_kosmosie_25\/5.jpg\" title=\" \" class=\"shutterset_set_848\" >\r\n\t\t\t\t\t\t\t\t<img loading=\"lazy\" decoding=\"async\" title=\"5\" alt=\"5\" src=\"http:\/\/zsrodowo.pl\/wp-content\/gallery\/polak_w_kosmosie_25\/thumbs\/thumbs_5.jpg\" width=\"100\" height=\"75\" \/>\r\n\t\t\t\t\t\t\t<\/a>\r\n\t\t<\/div>\r\n\t<\/div>\r\n\t\r\n\t\t\r\n \t \t\r\n\t<!-- Pagination -->\r\n \t<div class=\"ngg-clear\"><\/div> \t\r\n<\/div>\r\n\r\n\n","protected":false},"excerpt":{"rendered":"<p>W \u015brod\u0119 25 czerwca o godzinie 8.31 uczniowie naszej szko\u0142y mieli niecodzienn\u0105 okazj\u0119 ogl\u0105da\u0107 transmisj\u0119 z wylotu w kosmos, pierwszego Polaka w XXIw.-dr S\u0142awoszaUzna\u0144skiego- Wi\u015bniewskiego, kt\u00f3ry polecia\u0142 na Mi\u0119dzynarodow\u0105 Stacj\u0119 Kosmiczn\u0105!<\/p>\n","protected":false},"author":3,"featured_media":0,"comment_status":"closed","ping_status":"closed","sticky":false,"template":"","format":"standard","meta":{"footnotes":""},"categories":[1],"tags":[],"class_list":["post-5364","post","type-post","status-publish","format-standard","hentry","category-aktualnosci"],"_links":{"self":[{"href":"http:\/\/zsrodowo.pl\/index.php?rest_route=\/wp\/v2\/posts\/5364","targetHints":{"allow":["GET"]}}],"collection":[{"href":"http:\/\/zsrodowo.pl\/index.php?rest_route=\/wp\/v2\/posts"}],"about":[{"href":"http:\/\/zsrodowo.pl\/index.php?rest_route=\/wp\/v2\/types\/post"}],"author":[{"embeddable":true,"href":"http:\/\/zsrodowo.pl\/index.php?rest_route=\/wp\/v2\/users\/3"}],"replies":[{"embeddable":true,"href":"http:\/\/zsrodowo.pl\/index.php?rest_route=%2Fwp%2Fv2%2Fcomments&post=5364"}],"version-history":[{"count":1,"href":"http:\/\/zsrodowo.pl\/index.php?rest_route=\/wp\/v2\/posts\/5364\/revisions"}],"predecessor-version":[{"id":5365,"href":"http:\/\/zsrodowo.pl\/index.php?rest_route=\/wp\/v2\/posts\/5364\/revisions\/5365"}],"wp:attachment":[{"href":"http:\/\/zsrodowo.pl\/index.php?rest_route=%2Fwp%2Fv2%2Fmedia&parent=5364"}],"wp:term":[{"taxonomy":"category","embeddable":true,"href":"http:\/\/zsrodowo.pl\/index.php?rest_route=%2Fwp%2Fv2%2Fcategories&post=5364"},{"taxonomy":"post_tag","embeddable":true,"href":"http:\/\/zsrodowo.pl\/index.php?rest_route=%2Fwp%2Fv2%2Ftags&post=5364"}],"curies":[{"name":"wp","href":"https:\/\/api.w.org\/{rel}","templated":true}]}}