{"id":5390,"date":"2025-09-23T07:47:00","date_gmt":"2025-09-23T07:47:00","guid":{"rendered":"http:\/\/zsrodowo.pl\/?p=5390"},"modified":"2025-09-23T07:47:00","modified_gmt":"2025-09-23T07:47:00","slug":"dzien-przedszkolaka-8","status":"publish","type":"post","link":"http:\/\/zsrodowo.pl\/?p=5390","title":{"rendered":"Dzie\u0144 Przedszkolaka."},"content":{"rendered":"<p><img loading=\"lazy\" decoding=\"async\" class=\"alignleft\" style=\"margin: 5px;\" src=\"http:\/\/zsrodowo.pl\/dokumenty\/grafika\/\/lisc.png\" alt=\"\" width=\"100\" height=\"100\" \/>Dzie\u0144 Przedszkolaka to \u015bwi\u0119to pe\u0142ne u\u015bmiechu, barw i wsp\u00f3lnych zabaw. Nasze przedszkolaki obchodzi\u0142y je w pi\u0105tek, 19 wrze\u015bnia.<br \/>\nW tym dniu ka\u017cde dziecko czu\u0142o si\u0119 wyj\u0105tkowo a przedszkole staje si\u0119 miejscem zabaw i rado\u015bci.<!--more--><\/p>\n<p>Przy wsp\u00f3\u0142pracy z rodzicami uda\u0142o si\u0119 stworzy\u0107 niezapomniany dzie\u0144 a dzieci wr\u00f3ci\u0142y do domu zm\u0119czone ale szcz\u0119\u015bliwe.<strong><br \/>\n<\/strong><\/p>\n\r\n<div class=\"ngg-galleryoverview\" id=\"ngg-gallery-855-5390\">\r\n\r\n\r\n\t\r\n\t<!-- Thumbnails -->\r\n\t\t\r\n\t<div id=\"ngg-image-16053\" class=\"ngg-gallery-thumbnail-box\"  >\r\n\t\t<div class=\"ngg-gallery-thumbnail\" >\r\n\t\t\t<a href=\"http:\/\/zsrodowo.pl\/wp-content\/gallery\/dzien_przedszkolaka25\/1.jpg\" title=\" \" class=\"shutterset_set_855\" >\r\n\t\t\t\t\t\t\t\t<img loading=\"lazy\" decoding=\"async\" title=\"1\" alt=\"1\" src=\"http:\/\/zsrodowo.pl\/wp-content\/gallery\/dzien_przedszkolaka25\/thumbs\/thumbs_1.jpg\" width=\"100\" height=\"75\" \/>\r\n\t\t\t\t\t\t\t<\/a>\r\n\t\t<\/div>\r\n\t<\/div>\r\n\t\r\n\t\t\r\n \t\t\r\n\t<div id=\"ngg-image-16054\" class=\"ngg-gallery-thumbnail-box\"  >\r\n\t\t<div class=\"ngg-gallery-thumbnail\" >\r\n\t\t\t<a href=\"http:\/\/zsrodowo.pl\/wp-content\/gallery\/dzien_przedszkolaka25\/2.jpg\" title=\" \" class=\"shutterset_set_855\" >\r\n\t\t\t\t\t\t\t\t<img loading=\"lazy\" decoding=\"async\" title=\"2\" alt=\"2\" src=\"http:\/\/zsrodowo.pl\/wp-content\/gallery\/dzien_przedszkolaka25\/thumbs\/thumbs_2.jpg\" width=\"100\" height=\"75\" \/>\r\n\t\t\t\t\t\t\t<\/a>\r\n\t\t<\/div>\r\n\t<\/div>\r\n\t\r\n\t\t\r\n \t\t\r\n\t<div id=\"ngg-image-16055\" class=\"ngg-gallery-thumbnail-box\"  >\r\n\t\t<div class=\"ngg-gallery-thumbnail\" >\r\n\t\t\t<a href=\"http:\/\/zsrodowo.pl\/wp-content\/gallery\/dzien_przedszkolaka25\/3.jpg\" title=\" \" class=\"shutterset_set_855\" >\r\n\t\t\t\t\t\t\t\t<img loading=\"lazy\" decoding=\"async\" title=\"3\" alt=\"3\" src=\"http:\/\/zsrodowo.pl\/wp-content\/gallery\/dzien_przedszkolaka25\/thumbs\/thumbs_3.jpg\" width=\"100\" height=\"75\" \/>\r\n\t\t\t\t\t\t\t<\/a>\r\n\t\t<\/div>\r\n\t<\/div>\r\n\t\r\n\t\t\r\n \t\t\r\n\t<div id=\"ngg-image-16056\" class=\"ngg-gallery-thumbnail-box\"  >\r\n\t\t<div class=\"ngg-gallery-thumbnail\" >\r\n\t\t\t<a href=\"http:\/\/zsrodowo.pl\/wp-content\/gallery\/dzien_przedszkolaka25\/4.jpg\" title=\" \" class=\"shutterset_set_855\" >\r\n\t\t\t\t\t\t\t\t<img loading=\"lazy\" decoding=\"async\" title=\"4\" alt=\"4\" src=\"http:\/\/zsrodowo.pl\/wp-content\/gallery\/dzien_przedszkolaka25\/thumbs\/thumbs_4.jpg\" width=\"100\" height=\"75\" \/>\r\n\t\t\t\t\t\t\t<\/a>\r\n\t\t<\/div>\r\n\t<\/div>\r\n\t\r\n\t\t\r\n \t\t\r\n\t<div id=\"ngg-image-16057\" class=\"ngg-gallery-thumbnail-box\"  >\r\n\t\t<div class=\"ngg-gallery-thumbnail\" >\r\n\t\t\t<a href=\"http:\/\/zsrodowo.pl\/wp-content\/gallery\/dzien_przedszkolaka25\/5.jpg\" title=\" \" class=\"shutterset_set_855\" >\r\n\t\t\t\t\t\t\t\t<img loading=\"lazy\" decoding=\"async\" title=\"5\" alt=\"5\" src=\"http:\/\/zsrodowo.pl\/wp-content\/gallery\/dzien_przedszkolaka25\/thumbs\/thumbs_5.jpg\" width=\"100\" height=\"75\" \/>\r\n\t\t\t\t\t\t\t<\/a>\r\n\t\t<\/div>\r\n\t<\/div>\r\n\t\r\n\t\t\r\n \t\t\r\n\t<div id=\"ngg-image-16058\" class=\"ngg-gallery-thumbnail-box\"  >\r\n\t\t<div class=\"ngg-gallery-thumbnail\" >\r\n\t\t\t<a href=\"http:\/\/zsrodowo.pl\/wp-content\/gallery\/dzien_przedszkolaka25\/6.jpg\" title=\" \" class=\"shutterset_set_855\" >\r\n\t\t\t\t\t\t\t\t<img loading=\"lazy\" decoding=\"async\" title=\"6\" alt=\"6\" src=\"http:\/\/zsrodowo.pl\/wp-content\/gallery\/dzien_przedszkolaka25\/thumbs\/thumbs_6.jpg\" width=\"100\" height=\"75\" \/>\r\n\t\t\t\t\t\t\t<\/a>\r\n\t\t<\/div>\r\n\t<\/div>\r\n\t\r\n\t\t\r\n \t\t\r\n\t<div id=\"ngg-image-16059\" class=\"ngg-gallery-thumbnail-box\"  >\r\n\t\t<div class=\"ngg-gallery-thumbnail\" >\r\n\t\t\t<a href=\"http:\/\/zsrodowo.pl\/wp-content\/gallery\/dzien_przedszkolaka25\/7.jpg\" title=\" \" class=\"shutterset_set_855\" >\r\n\t\t\t\t\t\t\t\t<img loading=\"lazy\" decoding=\"async\" title=\"7\" alt=\"7\" src=\"http:\/\/zsrodowo.pl\/wp-content\/gallery\/dzien_przedszkolaka25\/thumbs\/thumbs_7.jpg\" width=\"100\" height=\"75\" \/>\r\n\t\t\t\t\t\t\t<\/a>\r\n\t\t<\/div>\r\n\t<\/div>\r\n\t\r\n\t\t\r\n \t\t\r\n\t<div id=\"ngg-image-16060\" class=\"ngg-gallery-thumbnail-box\"  >\r\n\t\t<div class=\"ngg-gallery-thumbnail\" >\r\n\t\t\t<a href=\"http:\/\/zsrodowo.pl\/wp-content\/gallery\/dzien_przedszkolaka25\/8.jpg\" title=\" \" class=\"shutterset_set_855\" >\r\n\t\t\t\t\t\t\t\t<img loading=\"lazy\" decoding=\"async\" title=\"8\" alt=\"8\" src=\"http:\/\/zsrodowo.pl\/wp-content\/gallery\/dzien_przedszkolaka25\/thumbs\/thumbs_8.jpg\" width=\"100\" height=\"75\" \/>\r\n\t\t\t\t\t\t\t<\/a>\r\n\t\t<\/div>\r\n\t<\/div>\r\n\t\r\n\t\t\r\n \t\t\r\n\t<div id=\"ngg-image-16061\" class=\"ngg-gallery-thumbnail-box\"  >\r\n\t\t<div class=\"ngg-gallery-thumbnail\" >\r\n\t\t\t<a href=\"http:\/\/zsrodowo.pl\/wp-content\/gallery\/dzien_przedszkolaka25\/9.jpg\" title=\" \" class=\"shutterset_set_855\" >\r\n\t\t\t\t\t\t\t\t<img loading=\"lazy\" decoding=\"async\" title=\"9\" alt=\"9\" src=\"http:\/\/zsrodowo.pl\/wp-content\/gallery\/dzien_przedszkolaka25\/thumbs\/thumbs_9.jpg\" width=\"100\" height=\"75\" \/>\r\n\t\t\t\t\t\t\t<\/a>\r\n\t\t<\/div>\r\n\t<\/div>\r\n\t\r\n\t\t\r\n \t\t\r\n\t<div id=\"ngg-image-16062\" class=\"ngg-gallery-thumbnail-box\"  >\r\n\t\t<div class=\"ngg-gallery-thumbnail\" >\r\n\t\t\t<a href=\"http:\/\/zsrodowo.pl\/wp-content\/gallery\/dzien_przedszkolaka25\/10.jpg\" title=\" \" class=\"shutterset_set_855\" >\r\n\t\t\t\t\t\t\t\t<img loading=\"lazy\" decoding=\"async\" title=\"10\" alt=\"10\" src=\"http:\/\/zsrodowo.pl\/wp-content\/gallery\/dzien_przedszkolaka25\/thumbs\/thumbs_10.jpg\" width=\"100\" height=\"75\" \/>\r\n\t\t\t\t\t\t\t<\/a>\r\n\t\t<\/div>\r\n\t<\/div>\r\n\t\r\n\t\t\r\n \t\t\r\n\t<div id=\"ngg-image-16063\" class=\"ngg-gallery-thumbnail-box\"  >\r\n\t\t<div class=\"ngg-gallery-thumbnail\" >\r\n\t\t\t<a href=\"http:\/\/zsrodowo.pl\/wp-content\/gallery\/dzien_przedszkolaka25\/11.jpg\" title=\" \" class=\"shutterset_set_855\" >\r\n\t\t\t\t\t\t\t\t<img loading=\"lazy\" decoding=\"async\" title=\"11\" alt=\"11\" src=\"http:\/\/zsrodowo.pl\/wp-content\/gallery\/dzien_przedszkolaka25\/thumbs\/thumbs_11.jpg\" width=\"100\" height=\"75\" \/>\r\n\t\t\t\t\t\t\t<\/a>\r\n\t\t<\/div>\r\n\t<\/div>\r\n\t\r\n\t\t\r\n \t\t\r\n\t<div id=\"ngg-image-16064\" class=\"ngg-gallery-thumbnail-box\"  >\r\n\t\t<div class=\"ngg-gallery-thumbnail\" >\r\n\t\t\t<a href=\"http:\/\/zsrodowo.pl\/wp-content\/gallery\/dzien_przedszkolaka25\/12.jpg\" title=\" \" class=\"shutterset_set_855\" >\r\n\t\t\t\t\t\t\t\t<img loading=\"lazy\" decoding=\"async\" title=\"12\" alt=\"12\" src=\"http:\/\/zsrodowo.pl\/wp-content\/gallery\/dzien_przedszkolaka25\/thumbs\/thumbs_12.jpg\" width=\"100\" height=\"75\" \/>\r\n\t\t\t\t\t\t\t<\/a>\r\n\t\t<\/div>\r\n\t<\/div>\r\n\t\r\n\t\t\r\n \t\t\r\n\t<div id=\"ngg-image-16065\" class=\"ngg-gallery-thumbnail-box\"  >\r\n\t\t<div class=\"ngg-gallery-thumbnail\" >\r\n\t\t\t<a href=\"http:\/\/zsrodowo.pl\/wp-content\/gallery\/dzien_przedszkolaka25\/13.jpg\" title=\" \" class=\"shutterset_set_855\" >\r\n\t\t\t\t\t\t\t\t<img loading=\"lazy\" decoding=\"async\" title=\"13\" alt=\"13\" src=\"http:\/\/zsrodowo.pl\/wp-content\/gallery\/dzien_przedszkolaka25\/thumbs\/thumbs_13.jpg\" width=\"100\" height=\"75\" \/>\r\n\t\t\t\t\t\t\t<\/a>\r\n\t\t<\/div>\r\n\t<\/div>\r\n\t\r\n\t\t\r\n \t\t\r\n\t<div id=\"ngg-image-16066\" class=\"ngg-gallery-thumbnail-box\"  >\r\n\t\t<div class=\"ngg-gallery-thumbnail\" >\r\n\t\t\t<a href=\"http:\/\/zsrodowo.pl\/wp-content\/gallery\/dzien_przedszkolaka25\/14.jpg\" title=\" \" class=\"shutterset_set_855\" >\r\n\t\t\t\t\t\t\t\t<img loading=\"lazy\" decoding=\"async\" title=\"14\" alt=\"14\" src=\"http:\/\/zsrodowo.pl\/wp-content\/gallery\/dzien_przedszkolaka25\/thumbs\/thumbs_14.jpg\" width=\"100\" height=\"75\" \/>\r\n\t\t\t\t\t\t\t<\/a>\r\n\t\t<\/div>\r\n\t<\/div>\r\n\t\r\n\t\t\r\n \t\t\r\n\t<div id=\"ngg-image-16067\" class=\"ngg-gallery-thumbnail-box\"  >\r\n\t\t<div class=\"ngg-gallery-thumbnail\" >\r\n\t\t\t<a href=\"http:\/\/zsrodowo.pl\/wp-content\/gallery\/dzien_przedszkolaka25\/15.jpg\" title=\" \" class=\"shutterset_set_855\" >\r\n\t\t\t\t\t\t\t\t<img loading=\"lazy\" decoding=\"async\" title=\"15\" alt=\"15\" src=\"http:\/\/zsrodowo.pl\/wp-content\/gallery\/dzien_przedszkolaka25\/thumbs\/thumbs_15.jpg\" width=\"100\" height=\"75\" \/>\r\n\t\t\t\t\t\t\t<\/a>\r\n\t\t<\/div>\r\n\t<\/div>\r\n\t\r\n\t\t\r\n \t\t\r\n\t<div id=\"ngg-image-16068\" class=\"ngg-gallery-thumbnail-box\"  >\r\n\t\t<div class=\"ngg-gallery-thumbnail\" >\r\n\t\t\t<a href=\"http:\/\/zsrodowo.pl\/wp-content\/gallery\/dzien_przedszkolaka25\/16.jpg\" title=\" \" class=\"shutterset_set_855\" >\r\n\t\t\t\t\t\t\t\t<img loading=\"lazy\" decoding=\"async\" title=\"16\" alt=\"16\" src=\"http:\/\/zsrodowo.pl\/wp-content\/gallery\/dzien_przedszkolaka25\/thumbs\/thumbs_16.jpg\" width=\"100\" height=\"75\" \/>\r\n\t\t\t\t\t\t\t<\/a>\r\n\t\t<\/div>\r\n\t<\/div>\r\n\t\r\n\t\t\r\n \t\t\r\n\t<div id=\"ngg-image-16069\" class=\"ngg-gallery-thumbnail-box\"  >\r\n\t\t<div class=\"ngg-gallery-thumbnail\" >\r\n\t\t\t<a href=\"http:\/\/zsrodowo.pl\/wp-content\/gallery\/dzien_przedszkolaka25\/17.jpg\" title=\" \" class=\"shutterset_set_855\" >\r\n\t\t\t\t\t\t\t\t<img loading=\"lazy\" decoding=\"async\" title=\"17\" alt=\"17\" src=\"http:\/\/zsrodowo.pl\/wp-content\/gallery\/dzien_przedszkolaka25\/thumbs\/thumbs_17.jpg\" width=\"100\" height=\"75\" \/>\r\n\t\t\t\t\t\t\t<\/a>\r\n\t\t<\/div>\r\n\t<\/div>\r\n\t\r\n\t\t\r\n \t\t\r\n\t<div id=\"ngg-image-16070\" class=\"ngg-gallery-thumbnail-box\"  >\r\n\t\t<div class=\"ngg-gallery-thumbnail\" >\r\n\t\t\t<a href=\"http:\/\/zsrodowo.pl\/wp-content\/gallery\/dzien_przedszkolaka25\/18.jpg\" title=\" \" class=\"shutterset_set_855\" >\r\n\t\t\t\t\t\t\t\t<img loading=\"lazy\" decoding=\"async\" title=\"18\" alt=\"18\" src=\"http:\/\/zsrodowo.pl\/wp-content\/gallery\/dzien_przedszkolaka25\/thumbs\/thumbs_18.jpg\" width=\"100\" height=\"75\" \/>\r\n\t\t\t\t\t\t\t<\/a>\r\n\t\t<\/div>\r\n\t<\/div>\r\n\t\r\n\t\t\r\n \t\t\r\n\t<div id=\"ngg-image-16071\" class=\"ngg-gallery-thumbnail-box\"  >\r\n\t\t<div class=\"ngg-gallery-thumbnail\" >\r\n\t\t\t<a href=\"http:\/\/zsrodowo.pl\/wp-content\/gallery\/dzien_przedszkolaka25\/19.jpg\" title=\" \" class=\"shutterset_set_855\" >\r\n\t\t\t\t\t\t\t\t<img loading=\"lazy\" decoding=\"async\" title=\"19\" alt=\"19\" src=\"http:\/\/zsrodowo.pl\/wp-content\/gallery\/dzien_przedszkolaka25\/thumbs\/thumbs_19.jpg\" width=\"100\" height=\"75\" \/>\r\n\t\t\t\t\t\t\t<\/a>\r\n\t\t<\/div>\r\n\t<\/div>\r\n\t\r\n\t\t\r\n \t\t\r\n\t<div id=\"ngg-image-16072\" class=\"ngg-gallery-thumbnail-box\"  >\r\n\t\t<div class=\"ngg-gallery-thumbnail\" >\r\n\t\t\t<a href=\"http:\/\/zsrodowo.pl\/wp-content\/gallery\/dzien_przedszkolaka25\/20.jpg\" title=\" \" class=\"shutterset_set_855\" >\r\n\t\t\t\t\t\t\t\t<img loading=\"lazy\" decoding=\"async\" title=\"20\" alt=\"20\" src=\"http:\/\/zsrodowo.pl\/wp-content\/gallery\/dzien_przedszkolaka25\/thumbs\/thumbs_20.jpg\" width=\"100\" height=\"75\" \/>\r\n\t\t\t\t\t\t\t<\/a>\r\n\t\t<\/div>\r\n\t<\/div>\r\n\t\r\n\t\t\r\n \t \t\r\n\t<!-- Pagination -->\r\n \t<div class=\"ngg-clear\"><\/div> \t\r\n<\/div>\r\n\r\n\n","protected":false},"excerpt":{"rendered":"<p>Dzie\u0144 Przedszkolaka to \u015bwi\u0119to pe\u0142ne u\u015bmiechu, barw i wsp\u00f3lnych zabaw. Nasze przedszkolaki obchodzi\u0142y je w pi\u0105tek, 19 wrze\u015bnia. W tym dniu ka\u017cde dziecko czu\u0142o si\u0119 wyj\u0105tkowo a przedszkole staje si\u0119 miejscem zabaw i rado\u015bci.<\/p>\n","protected":false},"author":3,"featured_media":0,"comment_status":"closed","ping_status":"closed","sticky":false,"template":"","format":"standard","meta":{"footnotes":""},"categories":[1],"tags":[],"class_list":["post-5390","post","type-post","status-publish","format-standard","hentry","category-aktualnosci"],"_links":{"self":[{"href":"http:\/\/zsrodowo.pl\/index.php?rest_route=\/wp\/v2\/posts\/5390","targetHints":{"allow":["GET"]}}],"collection":[{"href":"http:\/\/zsrodowo.pl\/index.php?rest_route=\/wp\/v2\/posts"}],"about":[{"href":"http:\/\/zsrodowo.pl\/index.php?rest_route=\/wp\/v2\/types\/post"}],"author":[{"embeddable":true,"href":"http:\/\/zsrodowo.pl\/index.php?rest_route=\/wp\/v2\/users\/3"}],"replies":[{"embeddable":true,"href":"http:\/\/zsrodowo.pl\/index.php?rest_route=%2Fwp%2Fv2%2Fcomments&post=5390"}],"version-history":[{"count":1,"href":"http:\/\/zsrodowo.pl\/index.php?rest_route=\/wp\/v2\/posts\/5390\/revisions"}],"predecessor-version":[{"id":5391,"href":"http:\/\/zsrodowo.pl\/index.php?rest_route=\/wp\/v2\/posts\/5390\/revisions\/5391"}],"wp:attachment":[{"href":"http:\/\/zsrodowo.pl\/index.php?rest_route=%2Fwp%2Fv2%2Fmedia&parent=5390"}],"wp:term":[{"taxonomy":"category","embeddable":true,"href":"http:\/\/zsrodowo.pl\/index.php?rest_route=%2Fwp%2Fv2%2Fcategories&post=5390"},{"taxonomy":"post_tag","embeddable":true,"href":"http:\/\/zsrodowo.pl\/index.php?rest_route=%2Fwp%2Fv2%2Ftags&post=5390"}],"curies":[{"name":"wp","href":"https:\/\/api.w.org\/{rel}","templated":true}]}}